{"id":1235,"date":"2020-06-02T13:00:00","date_gmt":"2020-06-02T11:00:00","guid":{"rendered":"https:\/\/tennis-egly.fr\/?p=1235"},"modified":"2020-11-01T11:06:48","modified_gmt":"2020-11-01T10:06:48","slug":"informations-concernant-les-cours","status":"publish","type":"post","link":"https:\/\/tennis-egly.fr\/index.php\/2020\/06\/02\/informations-concernant-les-cours\/","title":{"rendered":"Informations concernant les cours &#8211; Mise \u00e0 jour du 28\/06\/2020"},"content":{"rendered":"<p><em>**** Cette actualit\u00e9 n&#8217;est plus valide ****<\/em><\/p>\n<p>La pand\u00e9mie COVID19 s\u00e9vissant actuellement en France nous a contraint \u00e0 suspendre l&#8217;ensemble des cours et ce, depuis le 13 mars 2020.<\/p>\n<p>Suite aux derni\u00e8res informations de la FFT, nous pouvons d\u00e9j\u00e0 vous annoncer que des cours ont repris depuis le 02 juin 2020 et se d\u00e9rouleront, dans le respect des r\u00e8gles \u00e9dict\u00e9es, jusqu&#8217;au premier samedi des vacances scolaires d&#8217;\u00e9t\u00e9 (04\/07\/2020). <br \/>Cette reprise ne pourra se faire que sur les courts ext\u00e9rieurs, avec aussi des am\u00e9nagements, des r\u00e8gles particuli\u00e8res et toujours la signature du document &#8220;Covid&#8221; [<a href=\"https:\/\/tennis-egly.fr\/index.php\/2020\/05\/10\/informations-concernant-la-reprise-progressive-du-tennis\/\" target=\"_blank\" rel=\"noopener noreferrer\">voir l&#8217;article<\/a>].<\/p>\n<p>Malheureusement, elle ne poura pas concerner tous les cours (probl\u00e8me de gymnase, de disponibilit\u00e9s des courts ext\u00e9rieurs, nombre de personnes sur un terrain&#8230;) et c&#8217;est donc pour cela que nous sommes en train de b\u00e2tir un nouveau planning pour les 3 premi\u00e8res semaines de juin. Et si la r\u00e9gion parisienne passe en zone verte le 22 juin, nous vous proposerons encore une nouvelle organisation.<\/p>\n<p>Audrey et Jean-Marie vous contacteront pour vous informer de cette r\u00e9organisation. Nous vous en dirons plus dans les prochains\u00a0jours, et des informations seront aussi disponibles sur le site internet du club.<\/p>\n<p>Par ailleurs, et en regard des suspensions, vous \u00eates nombreux \u00e0 nous interroger sur des compensations financi\u00e8res \u00e9ventuelles.<br \/>Apr\u00e8s en avoir d\u00e9lib\u00e9r\u00e9, et en accord avec le conseil d\u2019administration de l&#8217;association sportive d&#8217;\u00c9gly, le bureau de la section tennis a d\u00e9cid\u00e9 :<\/p>\n<ul>\n<li>qu&#8217;un avoir serait accord\u00e9 sur les cours pour l&#8217;ann\u00e9e sportive 2020-2021 au prorata des cours non effectu\u00e9s,<\/li>\n<li>qu&#8217;aucun avoir ou remboursement sur la cotisation annuelle ainsi que sur la licence FFT ne pourra avoir lieu.<\/li>\n<\/ul>\n<p>Les modalit\u00e9s d\u00e9taill\u00e9es de ces compensations ont \u00e9t\u00e9 vot\u00e9es lors de l&#8217;assembl\u00e9e g\u00e9n\u00e9rale de la section le 27 juin 2020. [<a href=\"https:\/\/tennis-egly.fr\/index.php\/2020\/06\/28\/covid-19-decisions-sur-les-compensations\/\" target=\"_blank\" rel=\"noopener noreferrer\">voir les d\u00e9cisions<\/a>]<\/p>\n<p>Tennistiquement<\/p>\n\n\n<p><\/p>\n","protected":false},"excerpt":{"rendered":"<p>**** Cette actualit\u00e9 n&#8217;est plus valide **** La pand\u00e9mie COVID19 s\u00e9vissant actuellement en France nous [&hellip;]<\/p>\n","protected":false},"author":2,"featured_media":1269,"comment_status":"closed","ping_status":"open","sticky":false,"template":"","format":"standard","meta":{"advanced_seo_description":"","jetpack_seo_html_title":"","jetpack_seo_noindex":false,"_jetpack_memberships_contains_paid_content":false,"footnotes":""},"categories":[9],"tags":[],"class_list":["post-1235","post","type-post","status-publish","format-standard","has-post-thumbnail","hentry","category-information"],"jetpack_featured_media_url":"https:\/\/i0.wp.com\/tennis-egly.fr\/tennis_uploads\/2020\/05\/Information-cours-03.png?fit=410%2C269&ssl=1","jetpack-related-posts":[{"id":1117,"url":"https:\/\/tennis-egly.fr\/index.php\/2020\/05\/10\/informations-concernant-la-reprise-progressive-du-tennis\/","url_meta":{"origin":1235,"position":0},"title":"Informations concernant la reprise progressive du tennis &#8211; mise \u00e0 jour du 13\/09\/2020","author":"Nicolas FOYER","date":"10\/05\/2020","format":false,"excerpt":"**** Cette actualit\u00e9 n'est plus valide **** A compter du 12 mai 2020 16h00, la pratique du tennis \u00e0 titre individuel est de nouveau possible sur les terrains ext\u00e9rieurs de Villelouvette et sous certaines conditions.Depuis le 16 juin 2020,\u00a0 l'acc\u00e8s aux courts couverts est de nouveau autoris\u00e9. Le code d'acc\u00e8s\u2026","rel":"","context":"Dans &quot;Information&quot;","block_context":{"text":"Information","link":"https:\/\/tennis-egly.fr\/index.php\/category\/information\/"},"img":{"alt_text":"","src":"https:\/\/i0.wp.com\/tennis-egly.fr\/tennis_uploads\/2020\/05\/Information-reprise-02.png?fit=410%2C269&ssl=1&resize=350%2C200","width":350,"height":200},"classes":[]},{"id":754,"url":"https:\/\/tennis-egly.fr\/index.php\/2020\/04\/12\/cest-le-printemps\/","url_meta":{"origin":1235,"position":1},"title":"C&#8217;est le printemps","author":"Nicolas FOYER","date":"12\/04\/2020","format":false,"excerpt":"Vous n'\u00eates pas sans savoir qu'en cette p\u00e9riode de confinement, les r\u00e8gles concernant les activit\u00e9s sportives sont tr\u00e8s restrictives et par cons\u00e9quent nous avons \u00e9t\u00e9 oblig\u00e9s de fermer l'acc\u00e8s aux terrains de tennis de Villelouvette. La nature n'est cependant pas en confinement et se r\u00e9veille doucement de la p\u00e9riode hivernale.\u2026","rel":"","context":"Dans &quot;Vie du club&quot;","block_context":{"text":"Vie du club","link":"https:\/\/tennis-egly.fr\/index.php\/category\/vie-du-club\/"},"img":{"alt_text":"","src":"https:\/\/i0.wp.com\/tennis-egly.fr\/tennis_uploads\/2020\/04\/Nettoyage-printemps-2020-01.jpg?fit=1200%2C898&ssl=1&resize=350%2C200","width":350,"height":200,"srcset":"https:\/\/i0.wp.com\/tennis-egly.fr\/tennis_uploads\/2020\/04\/Nettoyage-printemps-2020-01.jpg?fit=1200%2C898&ssl=1&resize=350%2C200 1x, https:\/\/i0.wp.com\/tennis-egly.fr\/tennis_uploads\/2020\/04\/Nettoyage-printemps-2020-01.jpg?fit=1200%2C898&ssl=1&resize=525%2C300 1.5x, https:\/\/i0.wp.com\/tennis-egly.fr\/tennis_uploads\/2020\/04\/Nettoyage-printemps-2020-01.jpg?fit=1200%2C898&ssl=1&resize=700%2C400 2x, https:\/\/i0.wp.com\/tennis-egly.fr\/tennis_uploads\/2020\/04\/Nettoyage-printemps-2020-01.jpg?fit=1200%2C898&ssl=1&resize=1050%2C600 3x"},"classes":[]},{"id":1700,"url":"https:\/\/tennis-egly.fr\/index.php\/2021\/02\/13\/cotisations-et-adhesions-resolutions-actees-en-bureau\/","url_meta":{"origin":1235,"position":2},"title":"Cotisations et adh\u00e9sions. R\u00e9solutions act\u00e9es en bureau","author":"Nicolas FOYER","date":"13\/02\/2021","format":false,"excerpt":"En cette p\u00e9riode de pand\u00e9mie, la pratique de votre sport favori le tennis est plus que perturb\u00e9e, vous avez pu vous en rendre compte. M\u00eame si la pratique et les cours sont possibles en ext\u00e9rieurs, il est tr\u00e8s difficile voire impossible de jouer ou de programmer des cours, que ce\u2026","rel":"","context":"Dans &quot;Vie du club&quot;","block_context":{"text":"Vie du club","link":"https:\/\/tennis-egly.fr\/index.php\/category\/vie-du-club\/"},"img":{"alt_text":"","src":"https:\/\/i0.wp.com\/tennis-egly.fr\/tennis_uploads\/2021\/02\/Resolutions-2021-Covid-01.jpg?fit=1200%2C843&ssl=1&resize=350%2C200","width":350,"height":200,"srcset":"https:\/\/i0.wp.com\/tennis-egly.fr\/tennis_uploads\/2021\/02\/Resolutions-2021-Covid-01.jpg?fit=1200%2C843&ssl=1&resize=350%2C200 1x, https:\/\/i0.wp.com\/tennis-egly.fr\/tennis_uploads\/2021\/02\/Resolutions-2021-Covid-01.jpg?fit=1200%2C843&ssl=1&resize=525%2C300 1.5x, https:\/\/i0.wp.com\/tennis-egly.fr\/tennis_uploads\/2021\/02\/Resolutions-2021-Covid-01.jpg?fit=1200%2C843&ssl=1&resize=700%2C400 2x, https:\/\/i0.wp.com\/tennis-egly.fr\/tennis_uploads\/2021\/02\/Resolutions-2021-Covid-01.jpg?fit=1200%2C843&ssl=1&resize=1050%2C600 3x"},"classes":[]},{"id":619,"url":"https:\/\/tennis-egly.fr\/index.php\/2020\/03\/13\/suspension-des-cours-et-des-competitions\/","url_meta":{"origin":1235,"position":3},"title":"Suspension des cours et des comp\u00e9titions","author":"Nicolas FOYER","date":"13\/03\/2020","format":false,"excerpt":"A la suite des d\u00e9cisions du Pr\u00e9sident de la R\u00e9publique , le Comit\u00e9 ex\u00e9cutif de la FFT a d\u00e9cid\u00e9 la suspension de l\u2019ensemble des comp\u00e9titions g\u00e9r\u00e9es par les officiels de la F\u00e9d\u00e9ration, de ses Ligues, de ses Comit\u00e9s et de ses Clubs. Ainsi, toutes les \u00e9preuves f\u00e9minines et masculines, de\u2026","rel":"","context":"Dans &quot;Information&quot;","block_context":{"text":"Information","link":"https:\/\/tennis-egly.fr\/index.php\/category\/information\/"},"img":{"alt_text":"","src":"https:\/\/i0.wp.com\/tennis-egly.fr\/tennis_uploads\/2020\/03\/info_fft_coronavirus.jpg?fit=1000%2C563&ssl=1&resize=350%2C200","width":350,"height":200,"srcset":"https:\/\/i0.wp.com\/tennis-egly.fr\/tennis_uploads\/2020\/03\/info_fft_coronavirus.jpg?fit=1000%2C563&ssl=1&resize=350%2C200 1x, https:\/\/i0.wp.com\/tennis-egly.fr\/tennis_uploads\/2020\/03\/info_fft_coronavirus.jpg?fit=1000%2C563&ssl=1&resize=525%2C300 1.5x, https:\/\/i0.wp.com\/tennis-egly.fr\/tennis_uploads\/2020\/03\/info_fft_coronavirus.jpg?fit=1000%2C563&ssl=1&resize=700%2C400 2x"},"classes":[]},{"id":1589,"url":"https:\/\/tennis-egly.fr\/index.php\/2021\/03\/22\/covid-19-point-de-situation\/","url_meta":{"origin":1235,"position":4},"title":"COVID-19 : Point de situation &#8211; mise \u00e0 jour du 27\/03\/2022","author":"Nicolas FOYER","date":"22\/03\/2021","format":false,"excerpt":"**** Actualit\u00e9 mise \u00e0 jour le 27\/03\/2022 ****En regard des derni\u00e8res annonces gouvernementales, et conform\u00e9ment aux directives \u00e9tablies par la FFT, les conditions d'acc\u00e8s \u00e0 nos installations \u00e9voluent. Ainsi, depuis le 14 mars 2022 : Le passe vaccinal et le passe sanitaire\u00a0sont suspendus. La pr\u00e9sentation d\u2019un passe n\u2019est plus exig\u00e9e\u2026","rel":"","context":"Dans &quot;Information&quot;","block_context":{"text":"Information","link":"https:\/\/tennis-egly.fr\/index.php\/category\/information\/"},"img":{"alt_text":"","src":"https:\/\/i0.wp.com\/tennis-egly.fr\/tennis_uploads\/2021\/03\/COVD_SansPassEtMasque-02.jpg?fit=1200%2C843&ssl=1&resize=350%2C200","width":350,"height":200,"srcset":"https:\/\/i0.wp.com\/tennis-egly.fr\/tennis_uploads\/2021\/03\/COVD_SansPassEtMasque-02.jpg?fit=1200%2C843&ssl=1&resize=350%2C200 1x, https:\/\/i0.wp.com\/tennis-egly.fr\/tennis_uploads\/2021\/03\/COVD_SansPassEtMasque-02.jpg?fit=1200%2C843&ssl=1&resize=525%2C300 1.5x, https:\/\/i0.wp.com\/tennis-egly.fr\/tennis_uploads\/2021\/03\/COVD_SansPassEtMasque-02.jpg?fit=1200%2C843&ssl=1&resize=700%2C400 2x, https:\/\/i0.wp.com\/tennis-egly.fr\/tennis_uploads\/2021\/03\/COVD_SansPassEtMasque-02.jpg?fit=1200%2C843&ssl=1&resize=1050%2C600 3x"},"classes":[]},{"id":911,"url":"https:\/\/tennis-egly.fr\/index.php\/2020\/07\/30\/fete-du-tennis-2020\/","url_meta":{"origin":1235,"position":5},"title":"F\u00eate du tennis 2020","author":"Thierry Boitelle","date":"30\/07\/2020","format":false,"excerpt":"\u00c0 l\u2019occasion de la F\u00eate du tennis, la section Tennis de l\u2019Association Sportive d\u2019Egly propose une journ\u00e9e \u00ab portes ouvertes et d\u00e9couverte pour tous \u00bb le samedi 12 septembre 2020. Destin\u00e9 \u00e0 accueillir tous les publics, en famille ou entre amis, pour qu\u2019ils d\u00e9couvrent le tennis, cet \u00e9v\u00e9nement gratuit et\u2026","rel":"","context":"Dans &quot;Animation&quot;","block_context":{"text":"Animation","link":"https:\/\/tennis-egly.fr\/index.php\/category\/animation\/"},"img":{"alt_text":"","src":"https:\/\/i0.wp.com\/tennis-egly.fr\/tennis_uploads\/2020\/04\/F%C3%AAteDuTennis-02.jpg?fit=800%2C600&ssl=1&resize=350%2C200","width":350,"height":200,"srcset":"https:\/\/i0.wp.com\/tennis-egly.fr\/tennis_uploads\/2020\/04\/F%C3%AAteDuTennis-02.jpg?fit=800%2C600&ssl=1&resize=350%2C200 1x, https:\/\/i0.wp.com\/tennis-egly.fr\/tennis_uploads\/2020\/04\/F%C3%AAteDuTennis-02.jpg?fit=800%2C600&ssl=1&resize=525%2C300 1.5x, https:\/\/i0.wp.com\/tennis-egly.fr\/tennis_uploads\/2020\/04\/F%C3%AAteDuTennis-02.jpg?fit=800%2C600&ssl=1&resize=700%2C400 2x"},"classes":[]}],"jetpack_sharing_enabled":true,"_links":{"self":[{"href":"https:\/\/tennis-egly.fr\/index.php\/wp-json\/wp\/v2\/posts\/1235","targetHints":{"allow":["GET"]}}],"collection":[{"href":"https:\/\/tennis-egly.fr\/index.php\/wp-json\/wp\/v2\/posts"}],"about":[{"href":"https:\/\/tennis-egly.fr\/index.php\/wp-json\/wp\/v2\/types\/post"}],"author":[{"embeddable":true,"href":"https:\/\/tennis-egly.fr\/index.php\/wp-json\/wp\/v2\/users\/2"}],"replies":[{"embeddable":true,"href":"https:\/\/tennis-egly.fr\/index.php\/wp-json\/wp\/v2\/comments?post=1235"}],"version-history":[{"count":25,"href":"https:\/\/tennis-egly.fr\/index.php\/wp-json\/wp\/v2\/posts\/1235\/revisions"}],"predecessor-version":[{"id":1626,"href":"https:\/\/tennis-egly.fr\/index.php\/wp-json\/wp\/v2\/posts\/1235\/revisions\/1626"}],"wp:featuredmedia":[{"embeddable":true,"href":"https:\/\/tennis-egly.fr\/index.php\/wp-json\/wp\/v2\/media\/1269"}],"wp:attachment":[{"href":"https:\/\/tennis-egly.fr\/index.php\/wp-json\/wp\/v2\/media?parent=1235"}],"wp:term":[{"taxonomy":"category","embeddable":true,"href":"https:\/\/tennis-egly.fr\/index.php\/wp-json\/wp\/v2\/categories?post=1235"},{"taxonomy":"post_tag","embeddable":true,"href":"https:\/\/tennis-egly.fr\/index.php\/wp-json\/wp\/v2\/tags?post=1235"}],"curies":[{"name":"wp","href":"https:\/\/api.w.org\/{rel}","templated":true}]}}