{"id":1322,"date":"2020-06-14T13:37:15","date_gmt":"2020-06-14T11:37:15","guid":{"rendered":"https:\/\/tennis-egly.fr\/?p=1322"},"modified":"2020-06-14T18:17:42","modified_gmt":"2020-06-14T16:17:42","slug":"assemblee-generale-saison-2019-2020","status":"publish","type":"post","link":"https:\/\/tennis-egly.fr\/index.php\/2020\/06\/14\/assemblee-generale-saison-2019-2020\/","title":{"rendered":"Assembl\u00e9e G\u00e9n\u00e9rale &#8211; Saison 2019-2020"},"content":{"rendered":"<p>L&#8217;assembl\u00e9e g\u00e9n\u00e9rale de la section tennis de l&#8217;AS \u00c9gly se tiendra le :<\/p>\n<h3 style=\"text-align: center;\"><strong data-rich-text-format-boundary=\"true\">27 juin 2020 \u00e0 16h \u00e0 Villelouvette<\/strong><\/h3>\n<p><\/p>\n<p>Les points suivants seront abord\u00e9s :<\/p>\n\n\n<div class=\"wp-block-columns is-layout-flex wp-container-core-columns-is-layout-9d6595d7 wp-block-columns-is-layout-flex\">\n<div class=\"wp-block-column is-layout-flow wp-block-column-is-layout-flow\" style=\"flex-basis:33%\">\n<p><strong>Saison 2019-2020<\/strong>:<\/p>\n<ul>\n<li>Rapport moral du pr\u00e9sident<\/li>\n<li>Bilan des cours&nbsp;<\/li>\n<li>Bilan des animations&nbsp;<\/li>\n<li>Bilan sportif&nbsp;&nbsp;&nbsp;&nbsp;&nbsp;<\/li>\n<li>Rapport financier&nbsp;<\/li>\n<li>Covid<\/li>\n<\/ul>\n<\/div>\n\n\n\n<div class=\"wp-block-column is-layout-flow wp-block-column-is-layout-flow\">\n<p><strong>Saison 2020-2021<\/strong>:<\/p>\n<ul>\n<li>Tarifs des inscriptions et des cours pour 2020-2021<\/li>\n<li>Election du nouveau bureau et du Pr\u00e9sident<\/li>\n<li>Budget pr\u00e9visionnel &#8211; Vote du budget<\/li>\n<li>Covid<\/li>\n<li>Questions diverses<\/li>\n<\/ul>\n<\/div>\n<\/div>\n\n\n<p>Nous vous rappelons que votre pr\u00e9sence est indispensable \u00e0 cette r\u00e9union qui permet au bureau de rendre les comptes sur la gestion de la section durant l\u2019ann\u00e9e. C\u2019est aussi au cours de cette rencontre que vous devrez \u00e9lire le nouveau bureau.<\/p>\n<p>Cette r\u00e9union ne pourra pas se faire si le quorum n\u2019est pas atteint.<\/p>\n<p>Si vous ne pouvez y assister, veuillez SVP, renvoyer le pouvoir \u00e0 A.S.EGLY Section Tennis \u2013 23bis, rue Th\u00e9ophile le Tiec \u2013 91520 EGLY ou le transmettre \u00e0 une personne du bureau ou aux entra\u00eeneurs.<\/p>\n\n\n<div class=\"wp-block-file\"><a href=\"https:\/\/tennis-egly.fr\/tennis_uploads\/2020\/06\/Convocation-AG-2020.doc\">Convocation AG 2020<\/a><a href=\"https:\/\/tennis-egly.fr\/tennis_uploads\/2020\/06\/Convocation-AG-2020.doc\" class=\"wp-block-file__button\" download>T\u00e9l\u00e9charger<\/a><\/div>\n\n\n<p>Vous pouvez aussi le transmettre par mail en le scannant \u00e0 l\u2019adresse suivante&nbsp;: <a href=\"mailto:contact@tennis-egly.fr\" target=\"_blank\" rel=\"noopener noreferrer\">contact@tennis-egly.fr<\/a><\/p>","protected":false},"excerpt":{"rendered":"<p>L&#8217;assembl\u00e9e g\u00e9n\u00e9rale de la section tennis de l&#8217;AS \u00c9gly se tiendra le : 27 juin [&hellip;]<\/p>\n","protected":false},"author":2,"featured_media":1355,"comment_status":"closed","ping_status":"open","sticky":false,"template":"","format":"standard","meta":{"advanced_seo_description":"","jetpack_seo_html_title":"","jetpack_seo_noindex":false,"_jetpack_memberships_contains_paid_content":false,"footnotes":""},"categories":[8],"tags":[],"class_list":["post-1322","post","type-post","status-publish","format-standard","has-post-thumbnail","hentry","category-vie-du-club"],"jetpack_featured_media_url":"https:\/\/i0.wp.com\/tennis-egly.fr\/tennis_uploads\/2020\/06\/Assemblee-Generale-01.jpg?fit=448%2C318&ssl=1","jetpack-related-posts":[{"id":2303,"url":"https:\/\/tennis-egly.fr\/index.php\/2022\/08\/25\/assemblee-generale-saison-2021-2022\/","url_meta":{"origin":1322,"position":0},"title":"Assembl\u00e9e G\u00e9n\u00e9rale &#8211; Saison 2021-2022","author":"Nicolas FOYER","date":"25\/08\/2022","format":false,"excerpt":"L'assembl\u00e9e g\u00e9n\u00e9rale de la section tennis de l'AS \u00c9gly se tiendra le : Samedi 3 septembre \u00e0 10h30 \u00e0 Villelouvette \u00a0 Les points suivants seront abord\u00e9s : Saison 2021-2022: Rapport moral du pr\u00e9sident Bilan des cours\u00a0 Bilan des animations\u00a0 Bilan sportif\u00a0\u00a0\u00a0\u00a0\u00a0 Rapport financier\u00a0 Saison 2022-2023: Tarifs des inscriptions et des\u2026","rel":"","context":"Dans &quot;Vie du club&quot;","block_context":{"text":"Vie du club","link":"https:\/\/tennis-egly.fr\/index.php\/category\/vie-du-club\/"},"img":{"alt_text":"","src":"https:\/\/i0.wp.com\/tennis-egly.fr\/tennis_uploads\/2022\/08\/Assemblee-generale-02.jpg?fit=795%2C598&ssl=1&resize=350%2C200","width":350,"height":200,"srcset":"https:\/\/i0.wp.com\/tennis-egly.fr\/tennis_uploads\/2022\/08\/Assemblee-generale-02.jpg?fit=795%2C598&ssl=1&resize=350%2C200 1x, https:\/\/i0.wp.com\/tennis-egly.fr\/tennis_uploads\/2022\/08\/Assemblee-generale-02.jpg?fit=795%2C598&ssl=1&resize=525%2C300 1.5x, https:\/\/i0.wp.com\/tennis-egly.fr\/tennis_uploads\/2022\/08\/Assemblee-generale-02.jpg?fit=795%2C598&ssl=1&resize=700%2C400 2x"},"classes":[]},{"id":1413,"url":"https:\/\/tennis-egly.fr\/index.php\/2020\/06\/28\/covid-19-decisions-sur-les-compensations\/","url_meta":{"origin":1322,"position":1},"title":"COVID-19 : d\u00e9cisions sur les compensations","author":"Nicolas FOYER","date":"28\/06\/2020","format":false,"excerpt":"L\u2019Assembl\u00e9e G\u00e9n\u00e9rale de la section Tennis s\u2019est tenue samedi 27 juin 2020.Cette saison particuli\u00e8re a conduit notre club \u00e0 appliquer des d\u00e9cisions exceptionnelles, toutes vot\u00e9es par l\u2019Assembl\u00e9e G\u00e9n\u00e9rale. En particulier\u00a0: La f\u00eate du tennis initialement pr\u00e9vue fin juin se d\u00e9roulera le samedi 12 septembre. L\u2019organisation de cette journ\u00e9e est pr\u00e9sent\u00e9e\u2026","rel":"","context":"Dans &quot;Vie du club&quot;","block_context":{"text":"Vie du club","link":"https:\/\/tennis-egly.fr\/index.php\/category\/vie-du-club\/"},"img":{"alt_text":"","src":"https:\/\/i0.wp.com\/tennis-egly.fr\/tennis_uploads\/2020\/06\/Compensation-Covid-01.jpg?fit=1200%2C843&ssl=1&resize=350%2C200","width":350,"height":200,"srcset":"https:\/\/i0.wp.com\/tennis-egly.fr\/tennis_uploads\/2020\/06\/Compensation-Covid-01.jpg?fit=1200%2C843&ssl=1&resize=350%2C200 1x, https:\/\/i0.wp.com\/tennis-egly.fr\/tennis_uploads\/2020\/06\/Compensation-Covid-01.jpg?fit=1200%2C843&ssl=1&resize=525%2C300 1.5x, https:\/\/i0.wp.com\/tennis-egly.fr\/tennis_uploads\/2020\/06\/Compensation-Covid-01.jpg?fit=1200%2C843&ssl=1&resize=700%2C400 2x, https:\/\/i0.wp.com\/tennis-egly.fr\/tennis_uploads\/2020\/06\/Compensation-Covid-01.jpg?fit=1200%2C843&ssl=1&resize=1050%2C600 3x"},"classes":[]},{"id":1366,"url":"https:\/\/tennis-egly.fr\/index.php\/2020\/06\/15\/inscriptions-pour-la-saison-2020-2021\/","url_meta":{"origin":1322,"position":2},"title":"Inscriptions pour la saison 2020-2021","author":"Nicolas FOYER","date":"15\/06\/2020","format":false,"excerpt":"La f\u00eate du tennis marque en g\u00e9n\u00e9ral l'ouverture des r\u00e9inscriptions pour l'ann\u00e9e suivante. Malheureusement, les raisons sanitaires particuli\u00e8res que nous avons connues cette ann\u00e9e nous ont contraint de reporter la f\u00eate du tennis au 12 septembre 2020. Nous vous proposons donc cette ann\u00e9e la possibilit\u00e9 de vous pr\u00e9inscrire directement en\u2026","rel":"","context":"Dans &quot;Vie du club&quot;","block_context":{"text":"Vie du club","link":"https:\/\/tennis-egly.fr\/index.php\/category\/vie-du-club\/"},"img":{"alt_text":"","src":"https:\/\/i0.wp.com\/tennis-egly.fr\/tennis_uploads\/2020\/06\/Inscriptions-01.jpg?fit=1200%2C843&ssl=1&resize=350%2C200","width":350,"height":200,"srcset":"https:\/\/i0.wp.com\/tennis-egly.fr\/tennis_uploads\/2020\/06\/Inscriptions-01.jpg?fit=1200%2C843&ssl=1&resize=350%2C200 1x, https:\/\/i0.wp.com\/tennis-egly.fr\/tennis_uploads\/2020\/06\/Inscriptions-01.jpg?fit=1200%2C843&ssl=1&resize=525%2C300 1.5x, https:\/\/i0.wp.com\/tennis-egly.fr\/tennis_uploads\/2020\/06\/Inscriptions-01.jpg?fit=1200%2C843&ssl=1&resize=700%2C400 2x, https:\/\/i0.wp.com\/tennis-egly.fr\/tennis_uploads\/2020\/06\/Inscriptions-01.jpg?fit=1200%2C843&ssl=1&resize=1050%2C600 3x"},"classes":[]},{"id":1235,"url":"https:\/\/tennis-egly.fr\/index.php\/2020\/06\/02\/informations-concernant-les-cours\/","url_meta":{"origin":1322,"position":3},"title":"Informations concernant les cours &#8211; Mise \u00e0 jour du 28\/06\/2020","author":"Nicolas FOYER","date":"02\/06\/2020","format":false,"excerpt":"**** Cette actualit\u00e9 n'est plus valide **** La pand\u00e9mie COVID19 s\u00e9vissant actuellement en France nous a contraint \u00e0 suspendre l'ensemble des cours et ce, depuis le 13 mars 2020. Suite aux derni\u00e8res informations de la FFT, nous pouvons d\u00e9j\u00e0 vous annoncer que des cours ont repris depuis le 02 juin\u2026","rel":"","context":"Dans &quot;Information&quot;","block_context":{"text":"Information","link":"https:\/\/tennis-egly.fr\/index.php\/category\/information\/"},"img":{"alt_text":"","src":"https:\/\/i0.wp.com\/tennis-egly.fr\/tennis_uploads\/2020\/05\/Information-cours-03.png?fit=410%2C269&ssl=1&resize=350%2C200","width":350,"height":200},"classes":[]},{"id":1857,"url":"https:\/\/tennis-egly.fr\/index.php\/2021\/07\/04\/bonnes-vacances\/","url_meta":{"origin":1322,"position":4},"title":"Bonnes vacances","author":"Nicolas FOYER","date":"04\/07\/2021","format":false,"excerpt":"Apr\u00e8s un printemps 2020 marqu\u00e9 par des restrictions fortes et un confinement strict, puis une ann\u00e9e scolaire 2020-2021 tr\u00e8s compliqu\u00e9e dans beaucoup de domaines, nous avons quand m\u00eame eu la chance de pouvoir jouer au tennis sur nos installations. Afin de clore cette ann\u00e9e sportive, plusieurs animations ont \u00e9t\u00e9 organis\u00e9es\u2026","rel":"","context":"Dans &quot;Vie du club&quot;","block_context":{"text":"Vie du club","link":"https:\/\/tennis-egly.fr\/index.php\/category\/vie-du-club\/"},"img":{"alt_text":"","src":"https:\/\/i0.wp.com\/tennis-egly.fr\/tennis_uploads\/2021\/07\/Bonnes-Vacances-01.jpg?fit=542%2C360&ssl=1&resize=350%2C200","width":350,"height":200,"srcset":"https:\/\/i0.wp.com\/tennis-egly.fr\/tennis_uploads\/2021\/07\/Bonnes-Vacances-01.jpg?fit=542%2C360&ssl=1&resize=350%2C200 1x, https:\/\/i0.wp.com\/tennis-egly.fr\/tennis_uploads\/2021\/07\/Bonnes-Vacances-01.jpg?fit=542%2C360&ssl=1&resize=525%2C300 1.5x"},"classes":[]},{"id":1700,"url":"https:\/\/tennis-egly.fr\/index.php\/2021\/02\/13\/cotisations-et-adhesions-resolutions-actees-en-bureau\/","url_meta":{"origin":1322,"position":5},"title":"Cotisations et adh\u00e9sions. R\u00e9solutions act\u00e9es en bureau","author":"Nicolas FOYER","date":"13\/02\/2021","format":false,"excerpt":"En cette p\u00e9riode de pand\u00e9mie, la pratique de votre sport favori le tennis est plus que perturb\u00e9e, vous avez pu vous en rendre compte. M\u00eame si la pratique et les cours sont possibles en ext\u00e9rieurs, il est tr\u00e8s difficile voire impossible de jouer ou de programmer des cours, que ce\u2026","rel":"","context":"Dans &quot;Vie du club&quot;","block_context":{"text":"Vie du club","link":"https:\/\/tennis-egly.fr\/index.php\/category\/vie-du-club\/"},"img":{"alt_text":"","src":"https:\/\/i0.wp.com\/tennis-egly.fr\/tennis_uploads\/2021\/02\/Resolutions-2021-Covid-01.jpg?fit=1200%2C843&ssl=1&resize=350%2C200","width":350,"height":200,"srcset":"https:\/\/i0.wp.com\/tennis-egly.fr\/tennis_uploads\/2021\/02\/Resolutions-2021-Covid-01.jpg?fit=1200%2C843&ssl=1&resize=350%2C200 1x, https:\/\/i0.wp.com\/tennis-egly.fr\/tennis_uploads\/2021\/02\/Resolutions-2021-Covid-01.jpg?fit=1200%2C843&ssl=1&resize=525%2C300 1.5x, https:\/\/i0.wp.com\/tennis-egly.fr\/tennis_uploads\/2021\/02\/Resolutions-2021-Covid-01.jpg?fit=1200%2C843&ssl=1&resize=700%2C400 2x, https:\/\/i0.wp.com\/tennis-egly.fr\/tennis_uploads\/2021\/02\/Resolutions-2021-Covid-01.jpg?fit=1200%2C843&ssl=1&resize=1050%2C600 3x"},"classes":[]}],"jetpack_sharing_enabled":true,"_links":{"self":[{"href":"https:\/\/tennis-egly.fr\/index.php\/wp-json\/wp\/v2\/posts\/1322","targetHints":{"allow":["GET"]}}],"collection":[{"href":"https:\/\/tennis-egly.fr\/index.php\/wp-json\/wp\/v2\/posts"}],"about":[{"href":"https:\/\/tennis-egly.fr\/index.php\/wp-json\/wp\/v2\/types\/post"}],"author":[{"embeddable":true,"href":"https:\/\/tennis-egly.fr\/index.php\/wp-json\/wp\/v2\/users\/2"}],"replies":[{"embeddable":true,"href":"https:\/\/tennis-egly.fr\/index.php\/wp-json\/wp\/v2\/comments?post=1322"}],"version-history":[{"count":13,"href":"https:\/\/tennis-egly.fr\/index.php\/wp-json\/wp\/v2\/posts\/1322\/revisions"}],"predecessor-version":[{"id":2310,"href":"https:\/\/tennis-egly.fr\/index.php\/wp-json\/wp\/v2\/posts\/1322\/revisions\/2310"}],"wp:featuredmedia":[{"embeddable":true,"href":"https:\/\/tennis-egly.fr\/index.php\/wp-json\/wp\/v2\/media\/1355"}],"wp:attachment":[{"href":"https:\/\/tennis-egly.fr\/index.php\/wp-json\/wp\/v2\/media?parent=1322"}],"wp:term":[{"taxonomy":"category","embeddable":true,"href":"https:\/\/tennis-egly.fr\/index.php\/wp-json\/wp\/v2\/categories?post=1322"},{"taxonomy":"post_tag","embeddable":true,"href":"https:\/\/tennis-egly.fr\/index.php\/wp-json\/wp\/v2\/tags?post=1322"}],"curies":[{"name":"wp","href":"https:\/\/api.w.org\/{rel}","templated":true}]}}