{"id":1366,"date":"2020-06-15T15:04:45","date_gmt":"2020-06-15T13:04:45","guid":{"rendered":"https:\/\/tennis-egly.fr\/?p=1366"},"modified":"2020-06-21T21:34:54","modified_gmt":"2020-06-21T19:34:54","slug":"inscriptions-pour-la-saison-2020-2021","status":"publish","type":"post","link":"https:\/\/tennis-egly.fr\/index.php\/2020\/06\/15\/inscriptions-pour-la-saison-2020-2021\/","title":{"rendered":"Inscriptions pour la saison 2020-2021"},"content":{"rendered":"<p>La f\u00eate du tennis marque en g\u00e9n\u00e9ral l&#8217;ouverture des r\u00e9inscriptions pour l&#8217;ann\u00e9e suivante. Malheureusement, les raisons sanitaires particuli\u00e8res que nous avons connues cette ann\u00e9e nous ont contraint de reporter la f\u00eate du tennis au 12 septembre 2020.<\/p>\n<p><br \/>Nous vous proposons donc cette ann\u00e9e la possibilit\u00e9 de vous pr\u00e9inscrire directement en ligne via le formulaire pr\u00e9sent sur le site web du club.<\/p>\n\n\n<div class=\"wp-block-buttons aligncenter is-layout-flex wp-block-buttons-is-layout-flex\">\n<div class=\"wp-block-button\"><a class=\"wp-block-button__link has-background\" href=\"https:\/\/tennis-egly.fr\/index.php\/inscription-en-ligne\/\" style=\"background-color:#033a65\" target=\"_blank\" rel=\"noreferrer noopener\">Acc\u00e9der au formulaire en ligne<\/a><\/div>\n<\/div>\n\n\n<p><br \/>Une fois le formulaire renseign\u00e9, vous recevrez un mail contenant un fichier joint. Nous vous invitons \u00e0 l&#8217;imprimer et \u00e0 venir nous rencontrer avec vos justificatifs le cas \u00e9ch\u00e9ant lors :<\/p>\n<ul>\n<li>\u00a0de l&#8217;assembl\u00e9e g\u00e9n\u00e9rale du club le 27 juin 2020,<\/li>\n<li>\u00a0du forum des associations d&#8217;\u00c9gly le 05 septembre 2020,<\/li>\n<li>\u00a0de la f\u00eate du tennis le 12 septembre 2020,<\/li>\n<\/ul>\n<p><strong>Pour toute nouvelle inscription<\/strong>, un <strong>certificat m\u00e9dical<\/strong> (valable 3 ans) autorisant la pratique du <strong>tennis en comp\u00e9tition<\/strong> est <strong>obligatoire<\/strong>. <br \/><strong>Pour un renouvellement<\/strong>, et si la date de votre certificat m\u00e9dical est ant\u00e9rieure \u00e0 3 ans, vous devez renseigner le questionnaire de sant\u00e9 et signer l&#8217;attestation associ\u00e9e.<br \/>Ces documents sont t\u00e9l\u00e9chargeables sur le site de la FFT : <a href=\"https:\/\/www.fft.fr\/jouer\/se-licencier\/certificat-medical\" target=\"_blank\" rel=\"noopener noreferrer\">https:\/\/www.fft.fr\/jouer\/se-licencier\/certificat-medical<\/a><\/p>\n<p>Au plaisir de vous retrouver tr\u00e8s vite sur les terrains.<br \/>Sportivement.<br \/>Le bureau du tennis<\/p>\n\n\n<p><\/p>\n","protected":false},"excerpt":{"rendered":"<p>La f\u00eate du tennis marque en g\u00e9n\u00e9ral l&#8217;ouverture des r\u00e9inscriptions pour l&#8217;ann\u00e9e suivante. Malheureusement, les [&hellip;]<\/p>\n","protected":false},"author":2,"featured_media":1377,"comment_status":"closed","ping_status":"open","sticky":false,"template":"","format":"standard","meta":{"advanced_seo_description":"","jetpack_seo_html_title":"","jetpack_seo_noindex":false,"_jetpack_memberships_contains_paid_content":false,"footnotes":""},"categories":[8],"tags":[],"class_list":["post-1366","post","type-post","status-publish","format-standard","has-post-thumbnail","hentry","category-vie-du-club"],"jetpack_featured_media_url":"https:\/\/i0.wp.com\/tennis-egly.fr\/tennis_uploads\/2020\/06\/Inscriptions-01.jpg?fit=2048%2C1439&ssl=1","jetpack-related-posts":[{"id":1847,"url":"https:\/\/tennis-egly.fr\/index.php\/2021\/06\/19\/inscriptions-pour-la-saison-2021-2022\/","url_meta":{"origin":1366,"position":0},"title":"Inscriptions pour la saison 2021-2022","author":"Nicolas FOYER","date":"19\/06\/2021","format":false,"excerpt":"Les inscriptions pour la saison 2021-2022 sont ouvertes ! Nous vous proposons de vous pr\u00e9inscrire directement en ligne via le formulaire pr\u00e9sent sur le site web du club. Acc\u00e9der au formulaire en ligne \u00a0 Une fois le formulaire renseign\u00e9, vous recevrez un mail contenant un fichier joint. Nous vous invitons\u2026","rel":"","context":"Dans &quot;Vie du club&quot;","block_context":{"text":"Vie du club","link":"https:\/\/tennis-egly.fr\/index.php\/category\/vie-du-club\/"},"img":{"alt_text":"","src":"https:\/\/i0.wp.com\/tennis-egly.fr\/tennis_uploads\/2021\/06\/Inscriptions-2021-2022_01.png?fit=1200%2C843&ssl=1&resize=350%2C200","width":350,"height":200,"srcset":"https:\/\/i0.wp.com\/tennis-egly.fr\/tennis_uploads\/2021\/06\/Inscriptions-2021-2022_01.png?fit=1200%2C843&ssl=1&resize=350%2C200 1x, https:\/\/i0.wp.com\/tennis-egly.fr\/tennis_uploads\/2021\/06\/Inscriptions-2021-2022_01.png?fit=1200%2C843&ssl=1&resize=525%2C300 1.5x, https:\/\/i0.wp.com\/tennis-egly.fr\/tennis_uploads\/2021\/06\/Inscriptions-2021-2022_01.png?fit=1200%2C843&ssl=1&resize=700%2C400 2x, https:\/\/i0.wp.com\/tennis-egly.fr\/tennis_uploads\/2021\/06\/Inscriptions-2021-2022_01.png?fit=1200%2C843&ssl=1&resize=1050%2C600 3x"},"classes":[]},{"id":911,"url":"https:\/\/tennis-egly.fr\/index.php\/2020\/07\/30\/fete-du-tennis-2020\/","url_meta":{"origin":1366,"position":1},"title":"F\u00eate du tennis 2020","author":"Thierry Boitelle","date":"30\/07\/2020","format":false,"excerpt":"\u00c0 l\u2019occasion de la F\u00eate du tennis, la section Tennis de l\u2019Association Sportive d\u2019Egly propose une journ\u00e9e \u00ab portes ouvertes et d\u00e9couverte pour tous \u00bb le samedi 12 septembre 2020. Destin\u00e9 \u00e0 accueillir tous les publics, en famille ou entre amis, pour qu\u2019ils d\u00e9couvrent le tennis, cet \u00e9v\u00e9nement gratuit et\u2026","rel":"","context":"Dans &quot;Animation&quot;","block_context":{"text":"Animation","link":"https:\/\/tennis-egly.fr\/index.php\/category\/animation\/"},"img":{"alt_text":"","src":"https:\/\/i0.wp.com\/tennis-egly.fr\/tennis_uploads\/2020\/04\/F%C3%AAteDuTennis-02.jpg?fit=800%2C600&ssl=1&resize=350%2C200","width":350,"height":200,"srcset":"https:\/\/i0.wp.com\/tennis-egly.fr\/tennis_uploads\/2020\/04\/F%C3%AAteDuTennis-02.jpg?fit=800%2C600&ssl=1&resize=350%2C200 1x, https:\/\/i0.wp.com\/tennis-egly.fr\/tennis_uploads\/2020\/04\/F%C3%AAteDuTennis-02.jpg?fit=800%2C600&ssl=1&resize=525%2C300 1.5x, https:\/\/i0.wp.com\/tennis-egly.fr\/tennis_uploads\/2020\/04\/F%C3%AAteDuTennis-02.jpg?fit=800%2C600&ssl=1&resize=700%2C400 2x"},"classes":[]},{"id":1117,"url":"https:\/\/tennis-egly.fr\/index.php\/2020\/05\/10\/informations-concernant-la-reprise-progressive-du-tennis\/","url_meta":{"origin":1366,"position":2},"title":"Informations concernant la reprise progressive du tennis &#8211; mise \u00e0 jour du 13\/09\/2020","author":"Nicolas FOYER","date":"10\/05\/2020","format":false,"excerpt":"**** Cette actualit\u00e9 n'est plus valide **** A compter du 12 mai 2020 16h00, la pratique du tennis \u00e0 titre individuel est de nouveau possible sur les terrains ext\u00e9rieurs de Villelouvette et sous certaines conditions.Depuis le 16 juin 2020,\u00a0 l'acc\u00e8s aux courts couverts est de nouveau autoris\u00e9. Le code d'acc\u00e8s\u2026","rel":"","context":"Dans &quot;Information&quot;","block_context":{"text":"Information","link":"https:\/\/tennis-egly.fr\/index.php\/category\/information\/"},"img":{"alt_text":"","src":"https:\/\/i0.wp.com\/tennis-egly.fr\/tennis_uploads\/2020\/05\/Information-reprise-02.png?fit=410%2C269&ssl=1&resize=350%2C200","width":350,"height":200},"classes":[]},{"id":1493,"url":"https:\/\/tennis-egly.fr\/index.php\/2020\/09\/15\/la-saison-est-ouverte\/","url_meta":{"origin":1366,"position":3},"title":"La saison est ouverte","author":"Nicolas FOYER","date":"15\/09\/2020","format":false,"excerpt":"Le forum des associations de la ville d'\u00c9gly s'est tenu le samedi 5 septembre. Moment important dans la vie du club, l'AS \u00c9gly Tennis \u00e9tait pr\u00e9sente avec la mise en place d'un double dispositif in\u00e9dit et ce, dans le respect des gestes barri\u00e8res n\u00e9cessaires en cette p\u00e9riode. Pr\u00e9sent durant toute\u2026","rel":"","context":"Dans &quot;Animation&quot;","block_context":{"text":"Animation","link":"https:\/\/tennis-egly.fr\/index.php\/category\/animation\/"},"img":{"alt_text":"","src":"https:\/\/i0.wp.com\/tennis-egly.fr\/tennis_uploads\/2020\/09\/Forum_sept2020-02-scaled.jpg?fit=1200%2C675&ssl=1&resize=350%2C200","width":350,"height":200,"srcset":"https:\/\/i0.wp.com\/tennis-egly.fr\/tennis_uploads\/2020\/09\/Forum_sept2020-02-scaled.jpg?fit=1200%2C675&ssl=1&resize=350%2C200 1x, https:\/\/i0.wp.com\/tennis-egly.fr\/tennis_uploads\/2020\/09\/Forum_sept2020-02-scaled.jpg?fit=1200%2C675&ssl=1&resize=525%2C300 1.5x, https:\/\/i0.wp.com\/tennis-egly.fr\/tennis_uploads\/2020\/09\/Forum_sept2020-02-scaled.jpg?fit=1200%2C675&ssl=1&resize=700%2C400 2x, https:\/\/i0.wp.com\/tennis-egly.fr\/tennis_uploads\/2020\/09\/Forum_sept2020-02-scaled.jpg?fit=1200%2C675&ssl=1&resize=1050%2C600 3x"},"classes":[]},{"id":1857,"url":"https:\/\/tennis-egly.fr\/index.php\/2021\/07\/04\/bonnes-vacances\/","url_meta":{"origin":1366,"position":4},"title":"Bonnes vacances","author":"Nicolas FOYER","date":"04\/07\/2021","format":false,"excerpt":"Apr\u00e8s un printemps 2020 marqu\u00e9 par des restrictions fortes et un confinement strict, puis une ann\u00e9e scolaire 2020-2021 tr\u00e8s compliqu\u00e9e dans beaucoup de domaines, nous avons quand m\u00eame eu la chance de pouvoir jouer au tennis sur nos installations. Afin de clore cette ann\u00e9e sportive, plusieurs animations ont \u00e9t\u00e9 organis\u00e9es\u2026","rel":"","context":"Dans &quot;Vie du club&quot;","block_context":{"text":"Vie du club","link":"https:\/\/tennis-egly.fr\/index.php\/category\/vie-du-club\/"},"img":{"alt_text":"","src":"https:\/\/i0.wp.com\/tennis-egly.fr\/tennis_uploads\/2021\/07\/Bonnes-Vacances-01.jpg?fit=542%2C360&ssl=1&resize=350%2C200","width":350,"height":200,"srcset":"https:\/\/i0.wp.com\/tennis-egly.fr\/tennis_uploads\/2021\/07\/Bonnes-Vacances-01.jpg?fit=542%2C360&ssl=1&resize=350%2C200 1x, https:\/\/i0.wp.com\/tennis-egly.fr\/tennis_uploads\/2021\/07\/Bonnes-Vacances-01.jpg?fit=542%2C360&ssl=1&resize=525%2C300 1.5x"},"classes":[]},{"id":2666,"url":"https:\/\/tennis-egly.fr\/index.php\/2023\/07\/02\/fete-du-tennis-2023\/","url_meta":{"origin":1366,"position":5},"title":"F\u00eate du tennis 2023","author":"Nicolas FOYER","date":"02\/07\/2023","format":false,"excerpt":"La traditionnelle la F\u00eate du tennis de la section Tennis de l\u2019Association Sportive d\u2019Egly s'est tenue le 24 juin 2023. Ouvert \u00e0 tous, de nombreuses animations et formules de jeu ont \u00e9t\u00e9 propos\u00e9es dans une ambiance conviviale. D\u00e8s 10h00, les membres du club ont accueillis sur place les enfants pour\u2026","rel":"","context":"Dans &quot;Animation&quot;","block_context":{"text":"Animation","link":"https:\/\/tennis-egly.fr\/index.php\/category\/animation\/"},"img":{"alt_text":"","src":"https:\/\/i0.wp.com\/tennis-egly.fr\/tennis_uploads\/2023\/06\/Fete-du-tennis-20230624.png?fit=1200%2C843&ssl=1&resize=350%2C200","width":350,"height":200,"srcset":"https:\/\/i0.wp.com\/tennis-egly.fr\/tennis_uploads\/2023\/06\/Fete-du-tennis-20230624.png?fit=1200%2C843&ssl=1&resize=350%2C200 1x, https:\/\/i0.wp.com\/tennis-egly.fr\/tennis_uploads\/2023\/06\/Fete-du-tennis-20230624.png?fit=1200%2C843&ssl=1&resize=525%2C300 1.5x, https:\/\/i0.wp.com\/tennis-egly.fr\/tennis_uploads\/2023\/06\/Fete-du-tennis-20230624.png?fit=1200%2C843&ssl=1&resize=700%2C400 2x, https:\/\/i0.wp.com\/tennis-egly.fr\/tennis_uploads\/2023\/06\/Fete-du-tennis-20230624.png?fit=1200%2C843&ssl=1&resize=1050%2C600 3x"},"classes":[]}],"jetpack_sharing_enabled":true,"_links":{"self":[{"href":"https:\/\/tennis-egly.fr\/index.php\/wp-json\/wp\/v2\/posts\/1366","targetHints":{"allow":["GET"]}}],"collection":[{"href":"https:\/\/tennis-egly.fr\/index.php\/wp-json\/wp\/v2\/posts"}],"about":[{"href":"https:\/\/tennis-egly.fr\/index.php\/wp-json\/wp\/v2\/types\/post"}],"author":[{"embeddable":true,"href":"https:\/\/tennis-egly.fr\/index.php\/wp-json\/wp\/v2\/users\/2"}],"replies":[{"embeddable":true,"href":"https:\/\/tennis-egly.fr\/index.php\/wp-json\/wp\/v2\/comments?post=1366"}],"version-history":[{"count":17,"href":"https:\/\/tennis-egly.fr\/index.php\/wp-json\/wp\/v2\/posts\/1366\/revisions"}],"predecessor-version":[{"id":1398,"href":"https:\/\/tennis-egly.fr\/index.php\/wp-json\/wp\/v2\/posts\/1366\/revisions\/1398"}],"wp:featuredmedia":[{"embeddable":true,"href":"https:\/\/tennis-egly.fr\/index.php\/wp-json\/wp\/v2\/media\/1377"}],"wp:attachment":[{"href":"https:\/\/tennis-egly.fr\/index.php\/wp-json\/wp\/v2\/media?parent=1366"}],"wp:term":[{"taxonomy":"category","embeddable":true,"href":"https:\/\/tennis-egly.fr\/index.php\/wp-json\/wp\/v2\/categories?post=1366"},{"taxonomy":"post_tag","embeddable":true,"href":"https:\/\/tennis-egly.fr\/index.php\/wp-json\/wp\/v2\/tags?post=1366"}],"curies":[{"name":"wp","href":"https:\/\/api.w.org\/{rel}","templated":true}]}}